{"id":1920,"date":"2025-01-09T00:47:52","date_gmt":"2025-01-09T00:47:52","guid":{"rendered":"http:\/\/www.institutoabat.edu.pe\/web\/?p=1920"},"modified":"2025-01-09T00:47:52","modified_gmt":"2025-01-09T00:47:52","slug":"tafur-narro-nilda-yovany","status":"publish","type":"post","link":"http:\/\/www.institutoabat.edu.pe\/web\/tafur-narro-nilda-yovany\/","title":{"rendered":"TAFUR NARRO NILDA YOVANY"},"content":{"rendered":"\n<p><strong>PERFIL PROFESIONAL.<\/strong><\/p>\n\n\n\n<p>Soy una enfermera con s\u00f3lidos valores y comprometida en\nbrindar atenci\u00f3n de calidad en diversos campos de enfermer\u00eda, como: &nbsp;en lo asistencial, docencia, administrativo e\ninvestigaci\u00f3n, cuyo principal objetivo es brindar cuidado humanizado al\npaciente. He desarrollado habilidades de trabajo en equipo y colaboraci\u00f3n\ninterdisciplinaria para lograr resultados \u00f3ptimos. Mi capacidad de liderazgo y\ndesempe\u00f1o adecuado en m\u00faltiples \u00e1reas destacar\u00e1 mi desarrollo de relaciones\ninterpersonales con los trabajadores y\/o pacientes, para ofrecer un cuidado humanizado, efectivo, c\u00e1lido y seguro. Por\nlo que mi principal inter\u00e9s es conocer y darle\nal paciente un cuidado\neficiente a sus dolencias, sin quitar\nel lado humano, en este vasto y hermoso campo de la salud.<\/p>\n\n\n\n<p><strong>FORMACI\u00d3N ACAD\u00c9MICA.<\/strong><\/p>\n\n\n\n<ul class=\"wp-block-list\"><li><strong><em>Estudios Primarios.<\/em><\/strong><\/li><\/ul>\n\n\n\n<p>Instituci\u00f3n Educativa Primaria- N.\u00ba 82979- Pachani-Asunci\u00f3n-Cajamarca<\/p>\n\n\n\n<ul class=\"wp-block-list\"><li><strong><em>Estudios Secundarios.<\/em><\/strong><\/li><\/ul>\n\n\n\n<p>Instituci\u00f3n Educativa Secundaria \u201cRAMON CASTILLA\u201d-\nSapuc- Asunci\u00f3n- Cajamarca<\/p>\n\n\n\n<ul class=\"wp-block-list\"><li><strong><em>Estudios Superiores.<\/em><\/strong><\/li><\/ul>\n\n\n\n<p>Bachiller\nen Enfermer\u00eda por la Universidad Nacional De Cajamarca.\nGrado de Bachiller reconocido mediante\nresoluci\u00f3n rectoral N\u00b0 1319- 2021- UNC de fecha: 05\/08\/2021.<\/p>\n\n\n\n<p>Licenciada\nen Enfermer\u00eda por la Universidad Nacional de Cajamarca. T\u00edtulo reconocido\nmediante resoluci\u00f3n rectoral N\u00b0 1821-2022- UNC. de fecha: 11\/05\/2022.<\/p>\n\n\n\n<p>Licenciada en Enfermer\u00eda colegiada con el registro\nN\u00b0106353- 22 CEP\/CN desde el\n22 de agosto del 2022<\/p>\n\n\n\n<p><strong>FORMACI\u00d3N COMPLEMENTARIA (Postgrado, Diplomados)<\/strong><\/p>\n\n\n\n<ul class=\"wp-block-list\"><li>Especializaci\u00f3n en \u201cFUNCI\u00d3N DE\nENFERMER\u00cdA EN \u00c1REA QUIR\u00daRGICA\u201d bajo la certificaci\u00f3n de la Universidad Nacional\nJos\u00e9 Faustino S\u00e1nchez Carri\u00f3n, con un total de 700 horas acad\u00e9micas,\nequivalente a 21 cr\u00e9ditos.<\/li><\/ul>\n\n\n\n<p><strong>EXPERIENCIA LABORAL Y PROFESIONAL.<\/strong><\/p>\n\n\n\n<ul class=\"wp-block-list\"><li><strong>FEBRERO \/2020\u2013 FEBRERO\/2021<\/strong><\/li><\/ul>\n\n\n\n<p>Interna\nde Enfermer\u00eda, en el Hospital Regional Docente De Cajamarca.<\/p>\n\n\n\n<ul class=\"wp-block-list\"><li><strong>DICIEMBRE \/2020\u2013 DICIEMBRE\n\/2020<\/strong><\/li><\/ul>\n\n\n\n<p>Licenciada\nde Enfermer\u00eda, en la \u201cIII JORNADA DE VACUNACI\u00d3N\u201d, en bien de los ni\u00f1os menores\nde 5 a\u00f1os. Organizada por la DIRECCI\u00d3N REGIONAL DE SALUD.<\/p>\n\n\n\n<ul class=\"wp-block-list\"><li><strong>FEBRERO \/2022 \u2013 MARZO \/2022<\/strong><\/li><\/ul>\n\n\n\n<p>Licenciada en Enfermer\u00eda\nen el puesto de salud \u201cCHORRERA\u201d, del Centro Poblado Chorrera, Distrito de\nSorochuco, Provincia de Celend\u00edn y Departamento de Cajamarca.<\/p>\n\n\n\n<ul class=\"wp-block-list\"><li><strong>ABRIL \/2022- SEPTIEMBRE \/2022<\/strong><\/li><\/ul>\n\n\n\n<p>Coordinadora de la meta\n4 del programa de incentivos (acciones de municipios para promover la adecuada\nalimentaci\u00f3n, prevenci\u00f3n y reducci\u00f3n de anemia), en la Municipalidad Distrital\nde Asunci\u00f3n. <\/p>\n\n\n\n<ul class=\"wp-block-list\"><li><strong>OCTUBRE \/2022- SEPTIEMBRE \/2023<\/strong><\/li><\/ul>\n\n\n\n<p>Licenciada en enfermer\u00eda y coordinadora de promoci\u00f3n de la salud en el centro de salud Pulan, de categor\u00edaI-3, Pulan-\nSanta Cruz- Cajamarca. Resoluci\u00f3n Directoral N\u00b0882- 2023-GOB-REG.CAJ\/DSRS.CH\/DG.<\/p>\n\n\n\n<ul class=\"wp-block-list\"><li><strong>NOVIEMBRE \/2023- FEBRERO \/24<\/strong><\/li><\/ul>\n\n\n\n<p>Licenciada en enfermer\u00eda\nen el hospital regional docente de Cajamarca-servicio de CIRUG\u00cdA, desempe\u00f1ando\ndiferentes funciones en las \u00e1reas de traumatolog\u00eda y urolog\u00eda. &nbsp;&nbsp;&nbsp;&nbsp;&nbsp;&nbsp;&nbsp;&nbsp;&nbsp;&nbsp;&nbsp;&nbsp;&nbsp;&nbsp;&nbsp;&nbsp;&nbsp;&nbsp;&nbsp;&nbsp;&nbsp;<\/p>\n\n\n\n<ul class=\"wp-block-list\"><li><strong>MARZO \/2024- 0SEPTIEMBRE\n\/2024<\/strong><\/li><\/ul>\n\n\n\n<p>Licenciada en enfermer\u00eda\nen el hospital regional docente de Cajamarca-servicio de emergencia,\ndesempe\u00f1ando diferentes funciones en el t\u00f3pico de medicina. <\/p>\n\n\n\n<ul class=\"wp-block-gallery columns-0 is-cropped wp-block-gallery-1 is-layout-flex wp-block-gallery-is-layout-flex\"><\/ul>\n","protected":false},"excerpt":{"rendered":"<p>PERFIL PROFESIONAL. Soy una enfermera con s\u00f3lidos valores y comprometida en brindar atenci\u00f3n de calidad en diversos campos de enfermer\u00eda, como: &nbsp;en lo asistencial, docencia, administrativo e investigaci\u00f3n, cuyo principal objetivo es brindar cuidado humanizado al paciente. He desarrollado habilidades de trabajo en equipo y colaboraci\u00f3n interdisciplinaria para lograr resultados \u00f3ptimos. Mi capacidad de liderazgo [&hellip;]<\/p>\n","protected":false},"author":2,"featured_media":1921,"comment_status":"closed","ping_status":"closed","sticky":false,"template":"","format":"gallery","meta":{"footnotes":""},"categories":[82],"tags":[],"class_list":["post-1920","post","type-post","status-publish","format-gallery","has-post-thumbnail","hentry","category-plana-docente","post_format-post-format-gallery"],"_links":{"self":[{"href":"http:\/\/www.institutoabat.edu.pe\/web\/wp-json\/wp\/v2\/posts\/1920","targetHints":{"allow":["GET"]}}],"collection":[{"href":"http:\/\/www.institutoabat.edu.pe\/web\/wp-json\/wp\/v2\/posts"}],"about":[{"href":"http:\/\/www.institutoabat.edu.pe\/web\/wp-json\/wp\/v2\/types\/post"}],"author":[{"embeddable":true,"href":"http:\/\/www.institutoabat.edu.pe\/web\/wp-json\/wp\/v2\/users\/2"}],"replies":[{"embeddable":true,"href":"http:\/\/www.institutoabat.edu.pe\/web\/wp-json\/wp\/v2\/comments?post=1920"}],"version-history":[{"count":1,"href":"http:\/\/www.institutoabat.edu.pe\/web\/wp-json\/wp\/v2\/posts\/1920\/revisions"}],"predecessor-version":[{"id":1922,"href":"http:\/\/www.institutoabat.edu.pe\/web\/wp-json\/wp\/v2\/posts\/1920\/revisions\/1922"}],"wp:featuredmedia":[{"embeddable":true,"href":"http:\/\/www.institutoabat.edu.pe\/web\/wp-json\/wp\/v2\/media\/1921"}],"wp:attachment":[{"href":"http:\/\/www.institutoabat.edu.pe\/web\/wp-json\/wp\/v2\/media?parent=1920"}],"wp:term":[{"taxonomy":"category","embeddable":true,"href":"http:\/\/www.institutoabat.edu.pe\/web\/wp-json\/wp\/v2\/categories?post=1920"},{"taxonomy":"post_tag","embeddable":true,"href":"http:\/\/www.institutoabat.edu.pe\/web\/wp-json\/wp\/v2\/tags?post=1920"}],"curies":[{"name":"wp","href":"https:\/\/api.w.org\/{rel}","templated":true}]}}